{"id":2638,"date":"2025-08-10T14:00:55","date_gmt":"2025-08-10T12:00:55","guid":{"rendered":"https:\/\/calumet-review.com\/?p=2638"},"modified":"2025-08-10T14:02:45","modified_gmt":"2025-08-10T12:02:45","slug":"accesso-ai-servizi-sanitari-e-status-dei-migranti-sui-limiti-della-normativa-vigente-in-una-prospettiva-italo-albanese-2","status":"publish","type":"post","link":"https:\/\/calumet-review.com\/index.php\/it\/2025\/08\/10\/accesso-ai-servizi-sanitari-e-status-dei-migranti-sui-limiti-della-normativa-vigente-in-una-prospettiva-italo-albanese-2\/","title":{"rendered":"Accesso ai servizi sanitari e status dei migranti. Sui limiti della normativa vigente in una prospettiva italo-albanese."},"content":{"rendered":"\n<p>La globalizzazione avanzata delle societ\u00e0 contemporanee, accompagnata da dinamiche migratorie su scala globale senza precedenti storici, amplifica la necessit\u00e0 di chiarire il quadro giuridico relativo all\u2019accesso dei migranti ai servizi fondamentali dello Stato, tra cui i servizi medico-sanitari.\u00a0\u00a0Pur trattandosi di un diritto fondamentale, il diritto alla salute dei migranti incontra per\u00f2 diversi ostacoli, quali la mancanza di informazioni chiare e le differenze culturali e linguistiche che rendono pi\u00f9 complessa la comprensibilit\u00e0 di contratti e normative, dai consensi informati per interventi medici, ai moduli per il trattamento dei dati personali, dalle informative sui diritti del paziente alle dichiarazioni di volont\u00e0 rispetto a cure e terapie. Il presente articolo, dopo una breve introduzione sulle normative nazionali ed internazionali relative alla tutela della salute dei migranti, analizza i fattori che ostacolano il pieno diretto ed i possibili processi correttivi. In seguito, il lavoro si focalizza sul tema dei migranti \u2018<em>in transito\u2019<\/em>\u00a0e sui rapporti di cooperazione tra Italia-Albania, recentemente oggetto di dibattito internazionale acceso in seguito all\u2019emanazione della L. 14\/2024 e della sentenza della Corte di Giustizia dell\u2019Ue del 1 agosto 2025. L\u2019articolo offre a studiosi e addetti ai lavori alcuni spunti di riflessione ed elementi di approfondimento sulle diverse dimensioni sociologiche e normative del tema salute in ottica migrazione.<\/p>\n\n\n\n<div class=\"wp-block-file\"><a id=\"wp-block-file--media-147994bc-8833-46b5-8313-48b54a0ae5c2\" href=\"https:\/\/calumet-review.com\/wp-content\/uploads\/2025\/08\/Saracino-1.pdf\">Leggi online<\/a><a href=\"https:\/\/calumet-review.com\/wp-content\/uploads\/2025\/08\/Saracino-1.pdf\" class=\"wp-block-file__button wp-element-button\" download aria-describedby=\"wp-block-file--media-147994bc-8833-46b5-8313-48b54a0ae5c2\">Download \u2013\u00a0ITA<\/a><\/div>\n","protected":false},"excerpt":{"rendered":"<p>La globalizzazione avanzata delle societ\u00e0 contemporanee, accompagnata da dinamiche migratorie su scala globale senza precedenti storici, amplifica la necessit\u00e0 di chiarire il quadro giuridico relativo all\u2019accesso dei migranti ai servizi fondamentali dello Stato, tra cui i servizi medico-sanitari.\u00a0\u00a0Pur trattandosi di un diritto fondamentale, il diritto alla salute dei migranti incontra&#8230;<\/p>\n<p class=\"continue-reading-button\"> <a class=\"continue-reading-link\" href=\"https:\/\/calumet-review.com\/index.php\/it\/2025\/08\/10\/accesso-ai-servizi-sanitari-e-status-dei-migranti-sui-limiti-della-normativa-vigente-in-una-prospettiva-italo-albanese-2\/\">Continue reading<i class=\"crycon-right-dir\"><\/i><\/a><\/p>\n","protected":false},"author":118,"featured_media":0,"comment_status":"closed","ping_status":"open","sticky":false,"template":"","format":"standard","meta":{"_jetpack_memberships_contains_paid_content":false,"footnotes":""},"categories":[20,38,618,22],"tags":[],"class_list":["post-2638","post","type-post","status-publish","format-standard","hentry","category-categorie","category-diritto-interculturale","category-22-s-sem-2025-it","category-numeri"],"yoast_head":"<!-- This site is optimized with the Yoast SEO plugin v27.4 - https:\/\/yoast.com\/product\/yoast-seo-wordpress\/ -->\n<title>Accesso ai servizi sanitari e status dei migranti. Sui limiti della normativa vigente in una prospettiva italo-albanese. &#8211; Calumet &#8211; Tutti gli Articoli<\/title>\n<meta name=\"robots\" content=\"index, follow, max-snippet:-1, max-image-preview:large, max-video-preview:-1\" \/>\n<link rel=\"canonical\" href=\"https:\/\/calumet-review.com\/index.php\/it\/2025\/08\/10\/accesso-ai-servizi-sanitari-e-status-dei-migranti-sui-limiti-della-normativa-vigente-in-una-prospettiva-italo-albanese-2\/\" \/>\n<meta property=\"og:locale\" content=\"it_IT\" \/>\n<meta property=\"og:type\" content=\"article\" \/>\n<meta property=\"og:title\" content=\"Accesso ai servizi sanitari e status dei migranti. Sui limiti della normativa vigente in una prospettiva italo-albanese. &#8211; Calumet &#8211; Tutti gli Articoli\" \/>\n<meta property=\"og:description\" content=\"La globalizzazione avanzata delle societ\u00e0 contemporanee, accompagnata da dinamiche migratorie su scala globale senza precedenti storici, amplifica la necessit\u00e0 di chiarire il quadro giuridico relativo all\u2019accesso dei migranti ai servizi fondamentali dello Stato, tra cui i servizi medico-sanitari.\u00a0\u00a0Pur trattandosi di un diritto fondamentale, il diritto alla salute dei migranti incontra... Continue reading\" \/>\n<meta property=\"og:url\" content=\"https:\/\/calumet-review.com\/index.php\/it\/2025\/08\/10\/accesso-ai-servizi-sanitari-e-status-dei-migranti-sui-limiti-della-normativa-vigente-in-una-prospettiva-italo-albanese-2\/\" \/>\n<meta property=\"og:site_name\" content=\"Calumet\" \/>\n<meta property=\"article:published_time\" content=\"2025-08-10T12:00:55+00:00\" \/>\n<meta property=\"article:modified_time\" content=\"2025-08-10T12:02:45+00:00\" \/>\n<meta name=\"author\" content=\"M. Saracino,&nbsp;J. Lam\u00e7e&nbsp;and&nbsp;N. Xhindi\" \/>\n<meta name=\"twitter:card\" content=\"summary_large_image\" \/>\n<meta name=\"twitter:label1\" content=\"Scritto da\" \/>\n\t<meta name=\"twitter:data1\" content=\"M. Saracino,&nbsp;J. Lam\u00e7e&nbsp;and&nbsp;N. Xhindi\" \/>\n\t<meta name=\"twitter:label2\" content=\"Tempo di lettura stimato\" \/>\n\t<meta name=\"twitter:data2\" content=\"2 minuti\" \/>\n<script type=\"application\/ld+json\" class=\"yoast-schema-graph\">{\"@context\":\"https:\\\/\\\/schema.org\",\"@graph\":[{\"@type\":\"Article\",\"@id\":\"https:\\\/\\\/calumet-review.com\\\/index.php\\\/it\\\/2025\\\/08\\\/10\\\/accesso-ai-servizi-sanitari-e-status-dei-migranti-sui-limiti-della-normativa-vigente-in-una-prospettiva-italo-albanese-2\\\/#article\",\"isPartOf\":{\"@id\":\"https:\\\/\\\/calumet-review.com\\\/index.php\\\/it\\\/2025\\\/08\\\/10\\\/accesso-ai-servizi-sanitari-e-status-dei-migranti-sui-limiti-della-normativa-vigente-in-una-prospettiva-italo-albanese-2\\\/\"},\"author\":{\"name\":\"M. Saracino,&nbsp;J. Lam\u00e7e&nbsp;and&nbsp;N. Xhindi\",\"@id\":\"https:\\\/\\\/calumet-review.com\\\/#\\\/schema\\\/person\\\/c83466906c2c5c48d900bd3d66034629\"},\"headline\":\"Accesso ai servizi sanitari e status dei migranti. Sui limiti della normativa vigente in una prospettiva italo-albanese.\",\"datePublished\":\"2025-08-10T12:00:55+00:00\",\"dateModified\":\"2025-08-10T12:02:45+00:00\",\"mainEntityOfPage\":{\"@id\":\"https:\\\/\\\/calumet-review.com\\\/index.php\\\/it\\\/2025\\\/08\\\/10\\\/accesso-ai-servizi-sanitari-e-status-dei-migranti-sui-limiti-della-normativa-vigente-in-una-prospettiva-italo-albanese-2\\\/\"},\"wordCount\":230,\"publisher\":{\"@id\":\"https:\\\/\\\/calumet-review.com\\\/#organization\"},\"articleSection\":[\"Aree Tematiche\",\"Diritto Interculturale\",\"Numero 22 (Speciale) \u2013 2025\",\"Tutti gli Articoli\"],\"inLanguage\":\"it-IT\"},{\"@type\":\"WebPage\",\"@id\":\"https:\\\/\\\/calumet-review.com\\\/index.php\\\/it\\\/2025\\\/08\\\/10\\\/accesso-ai-servizi-sanitari-e-status-dei-migranti-sui-limiti-della-normativa-vigente-in-una-prospettiva-italo-albanese-2\\\/\",\"url\":\"https:\\\/\\\/calumet-review.com\\\/index.php\\\/it\\\/2025\\\/08\\\/10\\\/accesso-ai-servizi-sanitari-e-status-dei-migranti-sui-limiti-della-normativa-vigente-in-una-prospettiva-italo-albanese-2\\\/\",\"name\":\"Accesso ai servizi sanitari e status dei migranti. Sui limiti della normativa vigente in una prospettiva italo-albanese. &#8211; Calumet &#8211; Tutti gli Articoli\",\"isPartOf\":{\"@id\":\"https:\\\/\\\/calumet-review.com\\\/#website\"},\"datePublished\":\"2025-08-10T12:00:55+00:00\",\"dateModified\":\"2025-08-10T12:02:45+00:00\",\"breadcrumb\":{\"@id\":\"https:\\\/\\\/calumet-review.com\\\/index.php\\\/it\\\/2025\\\/08\\\/10\\\/accesso-ai-servizi-sanitari-e-status-dei-migranti-sui-limiti-della-normativa-vigente-in-una-prospettiva-italo-albanese-2\\\/#breadcrumb\"},\"inLanguage\":\"it-IT\",\"potentialAction\":[{\"@type\":\"ReadAction\",\"target\":[\"https:\\\/\\\/calumet-review.com\\\/index.php\\\/it\\\/2025\\\/08\\\/10\\\/accesso-ai-servizi-sanitari-e-status-dei-migranti-sui-limiti-della-normativa-vigente-in-una-prospettiva-italo-albanese-2\\\/\"]}]},{\"@type\":\"BreadcrumbList\",\"@id\":\"https:\\\/\\\/calumet-review.com\\\/index.php\\\/it\\\/2025\\\/08\\\/10\\\/accesso-ai-servizi-sanitari-e-status-dei-migranti-sui-limiti-della-normativa-vigente-in-una-prospettiva-italo-albanese-2\\\/#breadcrumb\",\"itemListElement\":[{\"@type\":\"ListItem\",\"position\":1,\"name\":\"Home\",\"item\":\"https:\\\/\\\/calumet-review.com\\\/\"},{\"@type\":\"ListItem\",\"position\":2,\"name\":\"Accesso ai servizi sanitari e status dei migranti. Sui limiti della normativa vigente in una prospettiva italo-albanese.\"}]},{\"@type\":\"WebSite\",\"@id\":\"https:\\\/\\\/calumet-review.com\\\/#website\",\"url\":\"https:\\\/\\\/calumet-review.com\\\/\",\"name\":\"Calumet\",\"description\":\"Intercultural Law and Humanities Review\",\"publisher\":{\"@id\":\"https:\\\/\\\/calumet-review.com\\\/#organization\"},\"potentialAction\":[{\"@type\":\"SearchAction\",\"target\":{\"@type\":\"EntryPoint\",\"urlTemplate\":\"https:\\\/\\\/calumet-review.com\\\/?s={search_term_string}\"},\"query-input\":{\"@type\":\"PropertyValueSpecification\",\"valueRequired\":true,\"valueName\":\"search_term_string\"}}],\"inLanguage\":\"it-IT\"},{\"@type\":\"Organization\",\"@id\":\"https:\\\/\\\/calumet-review.com\\\/#organization\",\"name\":\"Calumet Intercultural Law and Humanities Review\",\"url\":\"https:\\\/\\\/calumet-review.com\\\/\",\"logo\":{\"@type\":\"ImageObject\",\"inLanguage\":\"it-IT\",\"@id\":\"https:\\\/\\\/calumet-review.com\\\/#\\\/schema\\\/logo\\\/image\\\/\",\"url\":\"https:\\\/\\\/calumet-review.com\\\/wp-content\\\/uploads\\\/2021\\\/03\\\/logo-trasp.png\",\"contentUrl\":\"https:\\\/\\\/calumet-review.com\\\/wp-content\\\/uploads\\\/2021\\\/03\\\/logo-trasp.png\",\"width\":390,\"height\":120,\"caption\":\"Calumet Intercultural Law and Humanities Review\"},\"image\":{\"@id\":\"https:\\\/\\\/calumet-review.com\\\/#\\\/schema\\\/logo\\\/image\\\/\"}},[{\"@type\":[\"Person\"],\"@id\":\"https:\\\/\\\/calumet-review.com\\\/#\\\/schema\\\/person\\\/c83466906c2c5c48d900bd3d66034629\",\"name\":\"M. Saracino\",\"image\":{\"@type\":\"ImageObject\",\"@id\":\"https:\\\/\\\/secure.gravatar.com\\\/avatar\\\/f19ec7dab8db17e3889d2c0f6e234f4d6d375a4fe11d5a36e297ad147eea6d34?s=96&d=mm&r=g\",\"inLanguage\":\"it_IT\",\"url\":\"https:\\\/\\\/secure.gravatar.com\\\/avatar\\\/f19ec7dab8db17e3889d2c0f6e234f4d6d375a4fe11d5a36e297ad147eea6d34?s=96&d=mm&r=g\",\"caption\":\"M. Saracino\"}},{\"@type\":[\"Person\"],\"@id\":\"https:\\\/\\\/calumet-review.com\\\/#\\\/schema\\\/person\\\/c83466906c2c5c48d900bd3d66034629\",\"name\":\"J. Lam\u00e7e\",\"image\":{\"@type\":\"ImageObject\",\"@id\":\"https:\\\/\\\/secure.gravatar.com\\\/avatar\\\/f19ec7dab8db17e3889d2c0f6e234f4d6d375a4fe11d5a36e297ad147eea6d34?s=96&d=mm&r=g\",\"inLanguage\":\"it_IT\",\"url\":\"https:\\\/\\\/secure.gravatar.com\\\/avatar\\\/64e2fe3b24e9c99f9908dc6eb5f6ed1349a6eac8d2ec592ece2a93144bbfaf30?s=96&d=mm&r=g\",\"caption\":\"J. Lam\u00e7e\"}},{\"@type\":[\"Person\"],\"@id\":\"https:\\\/\\\/calumet-review.com\\\/#\\\/schema\\\/person\\\/c83466906c2c5c48d900bd3d66034629\",\"name\":\"N. Xhindi\",\"image\":{\"@type\":\"ImageObject\",\"@id\":\"https:\\\/\\\/secure.gravatar.com\\\/avatar\\\/f19ec7dab8db17e3889d2c0f6e234f4d6d375a4fe11d5a36e297ad147eea6d34?s=96&d=mm&r=g\",\"inLanguage\":\"it_IT\",\"url\":\"https:\\\/\\\/secure.gravatar.com\\\/avatar\\\/afff1e7833d8eebdd684cbe8386769fad21aabda709ab226866fa92d64b1465f?s=96&d=mm&r=g\",\"caption\":\"N. Xhindi\"}}]]}<\/script>\n<!-- \/ Yoast SEO plugin. -->","yoast_head_json":{"title":"Accesso ai servizi sanitari e status dei migranti. Sui limiti della normativa vigente in una prospettiva italo-albanese. &#8211; Calumet &#8211; Tutti gli Articoli","robots":{"index":"index","follow":"follow","max-snippet":"max-snippet:-1","max-image-preview":"max-image-preview:large","max-video-preview":"max-video-preview:-1"},"canonical":"https:\/\/calumet-review.com\/index.php\/it\/2025\/08\/10\/accesso-ai-servizi-sanitari-e-status-dei-migranti-sui-limiti-della-normativa-vigente-in-una-prospettiva-italo-albanese-2\/","og_locale":"it_IT","og_type":"article","og_title":"Accesso ai servizi sanitari e status dei migranti. Sui limiti della normativa vigente in una prospettiva italo-albanese. &#8211; Calumet &#8211; Tutti gli Articoli","og_description":"La globalizzazione avanzata delle societ\u00e0 contemporanee, accompagnata da dinamiche migratorie su scala globale senza precedenti storici, amplifica la necessit\u00e0 di chiarire il quadro giuridico relativo all\u2019accesso dei migranti ai servizi fondamentali dello Stato, tra cui i servizi medico-sanitari.\u00a0\u00a0Pur trattandosi di un diritto fondamentale, il diritto alla salute dei migranti incontra... Continue reading","og_url":"https:\/\/calumet-review.com\/index.php\/it\/2025\/08\/10\/accesso-ai-servizi-sanitari-e-status-dei-migranti-sui-limiti-della-normativa-vigente-in-una-prospettiva-italo-albanese-2\/","og_site_name":"Calumet","article_published_time":"2025-08-10T12:00:55+00:00","article_modified_time":"2025-08-10T12:02:45+00:00","author":"M. Saracino,&nbsp;J. Lam\u00e7e&nbsp;and&nbsp;N. Xhindi","twitter_card":"summary_large_image","twitter_misc":{"Scritto da":"M. Saracino,&nbsp;J. Lam\u00e7e&nbsp;and&nbsp;N. Xhindi","Tempo di lettura stimato":"2 minuti"},"schema":{"@context":"https:\/\/schema.org","@graph":[{"@type":"Article","@id":"https:\/\/calumet-review.com\/index.php\/it\/2025\/08\/10\/accesso-ai-servizi-sanitari-e-status-dei-migranti-sui-limiti-della-normativa-vigente-in-una-prospettiva-italo-albanese-2\/#article","isPartOf":{"@id":"https:\/\/calumet-review.com\/index.php\/it\/2025\/08\/10\/accesso-ai-servizi-sanitari-e-status-dei-migranti-sui-limiti-della-normativa-vigente-in-una-prospettiva-italo-albanese-2\/"},"author":{"name":"M. Saracino,&nbsp;J. Lam\u00e7e&nbsp;and&nbsp;N. Xhindi","@id":"https:\/\/calumet-review.com\/#\/schema\/person\/c83466906c2c5c48d900bd3d66034629"},"headline":"Accesso ai servizi sanitari e status dei migranti. Sui limiti della normativa vigente in una prospettiva italo-albanese.","datePublished":"2025-08-10T12:00:55+00:00","dateModified":"2025-08-10T12:02:45+00:00","mainEntityOfPage":{"@id":"https:\/\/calumet-review.com\/index.php\/it\/2025\/08\/10\/accesso-ai-servizi-sanitari-e-status-dei-migranti-sui-limiti-della-normativa-vigente-in-una-prospettiva-italo-albanese-2\/"},"wordCount":230,"publisher":{"@id":"https:\/\/calumet-review.com\/#organization"},"articleSection":["Aree Tematiche","Diritto Interculturale","Numero 22 (Speciale) \u2013 2025","Tutti gli Articoli"],"inLanguage":"it-IT"},{"@type":"WebPage","@id":"https:\/\/calumet-review.com\/index.php\/it\/2025\/08\/10\/accesso-ai-servizi-sanitari-e-status-dei-migranti-sui-limiti-della-normativa-vigente-in-una-prospettiva-italo-albanese-2\/","url":"https:\/\/calumet-review.com\/index.php\/it\/2025\/08\/10\/accesso-ai-servizi-sanitari-e-status-dei-migranti-sui-limiti-della-normativa-vigente-in-una-prospettiva-italo-albanese-2\/","name":"Accesso ai servizi sanitari e status dei migranti. Sui limiti della normativa vigente in una prospettiva italo-albanese. &#8211; Calumet &#8211; Tutti gli Articoli","isPartOf":{"@id":"https:\/\/calumet-review.com\/#website"},"datePublished":"2025-08-10T12:00:55+00:00","dateModified":"2025-08-10T12:02:45+00:00","breadcrumb":{"@id":"https:\/\/calumet-review.com\/index.php\/it\/2025\/08\/10\/accesso-ai-servizi-sanitari-e-status-dei-migranti-sui-limiti-della-normativa-vigente-in-una-prospettiva-italo-albanese-2\/#breadcrumb"},"inLanguage":"it-IT","potentialAction":[{"@type":"ReadAction","target":["https:\/\/calumet-review.com\/index.php\/it\/2025\/08\/10\/accesso-ai-servizi-sanitari-e-status-dei-migranti-sui-limiti-della-normativa-vigente-in-una-prospettiva-italo-albanese-2\/"]}]},{"@type":"BreadcrumbList","@id":"https:\/\/calumet-review.com\/index.php\/it\/2025\/08\/10\/accesso-ai-servizi-sanitari-e-status-dei-migranti-sui-limiti-della-normativa-vigente-in-una-prospettiva-italo-albanese-2\/#breadcrumb","itemListElement":[{"@type":"ListItem","position":1,"name":"Home","item":"https:\/\/calumet-review.com\/"},{"@type":"ListItem","position":2,"name":"Accesso ai servizi sanitari e status dei migranti. Sui limiti della normativa vigente in una prospettiva italo-albanese."}]},{"@type":"WebSite","@id":"https:\/\/calumet-review.com\/#website","url":"https:\/\/calumet-review.com\/","name":"Calumet","description":"Intercultural Law and Humanities Review","publisher":{"@id":"https:\/\/calumet-review.com\/#organization"},"potentialAction":[{"@type":"SearchAction","target":{"@type":"EntryPoint","urlTemplate":"https:\/\/calumet-review.com\/?s={search_term_string}"},"query-input":{"@type":"PropertyValueSpecification","valueRequired":true,"valueName":"search_term_string"}}],"inLanguage":"it-IT"},{"@type":"Organization","@id":"https:\/\/calumet-review.com\/#organization","name":"Calumet Intercultural Law and Humanities Review","url":"https:\/\/calumet-review.com\/","logo":{"@type":"ImageObject","inLanguage":"it-IT","@id":"https:\/\/calumet-review.com\/#\/schema\/logo\/image\/","url":"https:\/\/calumet-review.com\/wp-content\/uploads\/2021\/03\/logo-trasp.png","contentUrl":"https:\/\/calumet-review.com\/wp-content\/uploads\/2021\/03\/logo-trasp.png","width":390,"height":120,"caption":"Calumet Intercultural Law and Humanities Review"},"image":{"@id":"https:\/\/calumet-review.com\/#\/schema\/logo\/image\/"}},[{"@type":["Person"],"@id":"https:\/\/calumet-review.com\/#\/schema\/person\/c83466906c2c5c48d900bd3d66034629","name":"M. Saracino","image":{"@type":"ImageObject","@id":"https:\/\/secure.gravatar.com\/avatar\/f19ec7dab8db17e3889d2c0f6e234f4d6d375a4fe11d5a36e297ad147eea6d34?s=96&d=mm&r=g","inLanguage":"it_IT","url":"https:\/\/secure.gravatar.com\/avatar\/f19ec7dab8db17e3889d2c0f6e234f4d6d375a4fe11d5a36e297ad147eea6d34?s=96&d=mm&r=g","caption":"M. Saracino"}},{"@type":["Person"],"@id":"https:\/\/calumet-review.com\/#\/schema\/person\/c83466906c2c5c48d900bd3d66034629","name":"J. Lam\u00e7e","image":{"@type":"ImageObject","@id":"https:\/\/secure.gravatar.com\/avatar\/f19ec7dab8db17e3889d2c0f6e234f4d6d375a4fe11d5a36e297ad147eea6d34?s=96&d=mm&r=g","inLanguage":"it_IT","url":"https:\/\/secure.gravatar.com\/avatar\/64e2fe3b24e9c99f9908dc6eb5f6ed1349a6eac8d2ec592ece2a93144bbfaf30?s=96&d=mm&r=g","caption":"J. Lam\u00e7e"}},{"@type":["Person"],"@id":"https:\/\/calumet-review.com\/#\/schema\/person\/c83466906c2c5c48d900bd3d66034629","name":"N. Xhindi","image":{"@type":"ImageObject","@id":"https:\/\/secure.gravatar.com\/avatar\/f19ec7dab8db17e3889d2c0f6e234f4d6d375a4fe11d5a36e297ad147eea6d34?s=96&d=mm&r=g","inLanguage":"it_IT","url":"https:\/\/secure.gravatar.com\/avatar\/afff1e7833d8eebdd684cbe8386769fad21aabda709ab226866fa92d64b1465f?s=96&d=mm&r=g","caption":"N. Xhindi"}}]]}},"jetpack_featured_media_url":"","jetpack_sharing_enabled":true,"_links":{"self":[{"href":"https:\/\/calumet-review.com\/index.php\/wp-json\/wp\/v2\/posts\/2638","targetHints":{"allow":["GET"]}}],"collection":[{"href":"https:\/\/calumet-review.com\/index.php\/wp-json\/wp\/v2\/posts"}],"about":[{"href":"https:\/\/calumet-review.com\/index.php\/wp-json\/wp\/v2\/types\/post"}],"author":[{"embeddable":true,"href":"https:\/\/calumet-review.com\/index.php\/wp-json\/wp\/v2\/users\/118"}],"replies":[{"embeddable":true,"href":"https:\/\/calumet-review.com\/index.php\/wp-json\/wp\/v2\/comments?post=2638"}],"version-history":[{"count":1,"href":"https:\/\/calumet-review.com\/index.php\/wp-json\/wp\/v2\/posts\/2638\/revisions"}],"predecessor-version":[{"id":2640,"href":"https:\/\/calumet-review.com\/index.php\/wp-json\/wp\/v2\/posts\/2638\/revisions\/2640"}],"wp:attachment":[{"href":"https:\/\/calumet-review.com\/index.php\/wp-json\/wp\/v2\/media?parent=2638"}],"wp:term":[{"taxonomy":"category","embeddable":true,"href":"https:\/\/calumet-review.com\/index.php\/wp-json\/wp\/v2\/categories?post=2638"},{"taxonomy":"post_tag","embeddable":true,"href":"https:\/\/calumet-review.com\/index.php\/wp-json\/wp\/v2\/tags?post=2638"}],"curies":[{"name":"wp","href":"https:\/\/api.w.org\/{rel}","templated":true}]}}