{"id":2644,"date":"2025-08-10T16:36:05","date_gmt":"2025-08-10T14:36:05","guid":{"rendered":"https:\/\/calumet-review.com\/?p=2644"},"modified":"2025-08-10T16:38:01","modified_gmt":"2025-08-10T14:38:01","slug":"la-detenzione-femminile-riaprire-il-dibattito-su-un-trattamento-differente-alla-luce-dei-dati-sulle-carceri-della-toscana-2","status":"publish","type":"post","link":"https:\/\/calumet-review.com\/index.php\/it\/2025\/08\/10\/la-detenzione-femminile-riaprire-il-dibattito-su-un-trattamento-differente-alla-luce-dei-dati-sulle-carceri-della-toscana-2\/","title":{"rendered":"La detenzione femminile. Riaprire il dibattito su un trattamento differente alla luce dei dati sulle carceri della Toscana."},"content":{"rendered":"\n<p>Il carcere \u00e8 un\u2019istituzione modellata su caratteristiche e bisogni maschili, in cui le donne sono una minoranza, nettamente separata per genere. La prospettiva della differenza femminile permette di cogliere alcuni aspetti delle pratiche di reclusione, come la costruzione della soggettivit\u00e0 femminile, incapace pi\u00f9 che colpevole, e la sua identificazione con la maternit\u00e0. L\u2019approccio della differenza femminile aiuta anche a pensare il trattamento penitenziario in modo critico: dalle sue origini storiche come strumento di recupero, morale e penale, delle donne alla sua collocazione al centro dell\u2019Ordinamento penitenziario, il trattamento \u00e8 strumento ambiguo, tra correzione ed emancipazione. Guardare al trattamento che oggi concretamente accompagna la detenzione delle donne recluse in Toscana ci aiuta a comprendere come i limiti di un approccio al trattamento caratterizzato dall\u2019ambiguit\u00e0 siano ancora presenti nella pratica del penitenziario e come sia necessario decostruire la soggettivit\u00e0 femminile stereotipata che lo sottende. Nella prospettiva del femminismo della differenza si suggerisce di riaprire il dibattito su quale giustizia sia adeguata per le donne, e si raccomanda un modello di penalit\u00e0 che, metta al centro i diritti, con soluzioni alternative al carcere, e superi l\u2019ambiguit\u00e0 del trattamento, considerandolo come sviluppo di capacit\u00e0 piuttosto che strumento di correzione.<\/p>\n\n\n\n<div class=\"wp-block-file\"><a id=\"wp-block-file--media-33f232ad-89e3-4830-8370-ff8543edad18\" href=\"https:\/\/calumet-review.com\/wp-content\/uploads\/2025\/08\/Poneti-Carcere-1.pdf\">Leggi online<\/a><a href=\"https:\/\/calumet-review.com\/wp-content\/uploads\/2025\/08\/Poneti-Carcere-1.pdf\" class=\"wp-block-file__button wp-element-button\" download aria-describedby=\"wp-block-file--media-33f232ad-89e3-4830-8370-ff8543edad18\">Download \u2013 ITA<\/a><\/div>\n\n\n\n<p><\/p>\n","protected":false},"excerpt":{"rendered":"<p>Il carcere \u00e8 un\u2019istituzione modellata su caratteristiche e bisogni maschili, in cui le donne sono una minoranza, nettamente separata per genere. La prospettiva della differenza femminile permette di cogliere alcuni aspetti delle pratiche di reclusione, come la costruzione della soggettivit\u00e0 femminile, incapace pi\u00f9 che colpevole, e la sua identificazione con&#8230;<\/p>\n<p class=\"continue-reading-button\"> <a class=\"continue-reading-link\" href=\"https:\/\/calumet-review.com\/index.php\/it\/2025\/08\/10\/la-detenzione-femminile-riaprire-il-dibattito-su-un-trattamento-differente-alla-luce-dei-dati-sulle-carceri-della-toscana-2\/\">Continue reading<i class=\"crycon-right-dir\"><\/i><\/a><\/p>\n","protected":false},"author":121,"featured_media":0,"comment_status":"closed","ping_status":"open","sticky":false,"template":"","format":"standard","meta":{"_jetpack_memberships_contains_paid_content":false,"footnotes":""},"categories":[30,20,641,458,22],"tags":[],"class_list":["post-2644","post","type-post","status-publish","format-standard","hentry","category-antropologia-giuridica","category-categorie","category-23-2-sem-2025-it","category-teoria-del-diritto","category-numeri"],"yoast_head":"<!-- This site is optimized with the Yoast SEO plugin v27.4 - https:\/\/yoast.com\/product\/yoast-seo-wordpress\/ -->\n<title>La detenzione femminile. Riaprire il dibattito su un trattamento differente alla luce dei dati sulle carceri della Toscana. &#8211; Calumet &#8211; Tutti gli Articoli<\/title>\n<meta name=\"robots\" content=\"index, follow, max-snippet:-1, max-image-preview:large, max-video-preview:-1\" \/>\n<link rel=\"canonical\" href=\"https:\/\/calumet-review.com\/index.php\/it\/2025\/08\/10\/la-detenzione-femminile-riaprire-il-dibattito-su-un-trattamento-differente-alla-luce-dei-dati-sulle-carceri-della-toscana-2\/\" \/>\n<meta property=\"og:locale\" content=\"it_IT\" \/>\n<meta property=\"og:type\" content=\"article\" \/>\n<meta property=\"og:title\" content=\"La detenzione femminile. Riaprire il dibattito su un trattamento differente alla luce dei dati sulle carceri della Toscana. &#8211; Calumet &#8211; Tutti gli Articoli\" \/>\n<meta property=\"og:description\" content=\"Il carcere \u00e8 un\u2019istituzione modellata su caratteristiche e bisogni maschili, in cui le donne sono una minoranza, nettamente separata per genere. La prospettiva della differenza femminile permette di cogliere alcuni aspetti delle pratiche di reclusione, come la costruzione della soggettivit\u00e0 femminile, incapace pi\u00f9 che colpevole, e la sua identificazione con... Continue reading\" \/>\n<meta property=\"og:url\" content=\"https:\/\/calumet-review.com\/index.php\/it\/2025\/08\/10\/la-detenzione-femminile-riaprire-il-dibattito-su-un-trattamento-differente-alla-luce-dei-dati-sulle-carceri-della-toscana-2\/\" \/>\n<meta property=\"og:site_name\" content=\"Calumet\" \/>\n<meta property=\"article:published_time\" content=\"2025-08-10T14:36:05+00:00\" \/>\n<meta property=\"article:modified_time\" content=\"2025-08-10T14:38:01+00:00\" \/>\n<meta name=\"author\" content=\"K. Poneti\" \/>\n<meta name=\"twitter:card\" content=\"summary_large_image\" \/>\n<meta name=\"twitter:label1\" content=\"Scritto da\" \/>\n\t<meta name=\"twitter:data1\" content=\"K. Poneti\" \/>\n\t<meta name=\"twitter:label2\" content=\"Tempo di lettura stimato\" \/>\n\t<meta name=\"twitter:data2\" content=\"2 minuti\" \/>\n<script type=\"application\/ld+json\" class=\"yoast-schema-graph\">{\"@context\":\"https:\\\/\\\/schema.org\",\"@graph\":[{\"@type\":\"Article\",\"@id\":\"https:\\\/\\\/calumet-review.com\\\/index.php\\\/it\\\/2025\\\/08\\\/10\\\/la-detenzione-femminile-riaprire-il-dibattito-su-un-trattamento-differente-alla-luce-dei-dati-sulle-carceri-della-toscana-2\\\/#article\",\"isPartOf\":{\"@id\":\"https:\\\/\\\/calumet-review.com\\\/index.php\\\/it\\\/2025\\\/08\\\/10\\\/la-detenzione-femminile-riaprire-il-dibattito-su-un-trattamento-differente-alla-luce-dei-dati-sulle-carceri-della-toscana-2\\\/\"},\"author\":{\"name\":\"K. Poneti\",\"@id\":\"https:\\\/\\\/calumet-review.com\\\/#\\\/schema\\\/person\\\/f033496714721603089ca9caf062a5ff\"},\"headline\":\"La detenzione femminile. Riaprire il dibattito su un trattamento differente alla luce dei dati sulle carceri della Toscana.\",\"datePublished\":\"2025-08-10T14:36:05+00:00\",\"dateModified\":\"2025-08-10T14:38:01+00:00\",\"mainEntityOfPage\":{\"@id\":\"https:\\\/\\\/calumet-review.com\\\/index.php\\\/it\\\/2025\\\/08\\\/10\\\/la-detenzione-femminile-riaprire-il-dibattito-su-un-trattamento-differente-alla-luce-dei-dati-sulle-carceri-della-toscana-2\\\/\"},\"wordCount\":220,\"publisher\":{\"@id\":\"https:\\\/\\\/calumet-review.com\\\/#organization\"},\"articleSection\":[\"Antropologia Giuridica\",\"Aree Tematiche\",\"Numero 23 - 2025\",\"Teoria del diritto\",\"Tutti gli Articoli\"],\"inLanguage\":\"it-IT\"},{\"@type\":\"WebPage\",\"@id\":\"https:\\\/\\\/calumet-review.com\\\/index.php\\\/it\\\/2025\\\/08\\\/10\\\/la-detenzione-femminile-riaprire-il-dibattito-su-un-trattamento-differente-alla-luce-dei-dati-sulle-carceri-della-toscana-2\\\/\",\"url\":\"https:\\\/\\\/calumet-review.com\\\/index.php\\\/it\\\/2025\\\/08\\\/10\\\/la-detenzione-femminile-riaprire-il-dibattito-su-un-trattamento-differente-alla-luce-dei-dati-sulle-carceri-della-toscana-2\\\/\",\"name\":\"La detenzione femminile. Riaprire il dibattito su un trattamento differente alla luce dei dati sulle carceri della Toscana. &#8211; Calumet &#8211; Tutti gli Articoli\",\"isPartOf\":{\"@id\":\"https:\\\/\\\/calumet-review.com\\\/#website\"},\"datePublished\":\"2025-08-10T14:36:05+00:00\",\"dateModified\":\"2025-08-10T14:38:01+00:00\",\"breadcrumb\":{\"@id\":\"https:\\\/\\\/calumet-review.com\\\/index.php\\\/it\\\/2025\\\/08\\\/10\\\/la-detenzione-femminile-riaprire-il-dibattito-su-un-trattamento-differente-alla-luce-dei-dati-sulle-carceri-della-toscana-2\\\/#breadcrumb\"},\"inLanguage\":\"it-IT\",\"potentialAction\":[{\"@type\":\"ReadAction\",\"target\":[\"https:\\\/\\\/calumet-review.com\\\/index.php\\\/it\\\/2025\\\/08\\\/10\\\/la-detenzione-femminile-riaprire-il-dibattito-su-un-trattamento-differente-alla-luce-dei-dati-sulle-carceri-della-toscana-2\\\/\"]}]},{\"@type\":\"BreadcrumbList\",\"@id\":\"https:\\\/\\\/calumet-review.com\\\/index.php\\\/it\\\/2025\\\/08\\\/10\\\/la-detenzione-femminile-riaprire-il-dibattito-su-un-trattamento-differente-alla-luce-dei-dati-sulle-carceri-della-toscana-2\\\/#breadcrumb\",\"itemListElement\":[{\"@type\":\"ListItem\",\"position\":1,\"name\":\"Home\",\"item\":\"https:\\\/\\\/calumet-review.com\\\/\"},{\"@type\":\"ListItem\",\"position\":2,\"name\":\"La detenzione femminile. Riaprire il dibattito su un trattamento differente alla luce dei dati sulle carceri della Toscana.\"}]},{\"@type\":\"WebSite\",\"@id\":\"https:\\\/\\\/calumet-review.com\\\/#website\",\"url\":\"https:\\\/\\\/calumet-review.com\\\/\",\"name\":\"Calumet\",\"description\":\"Intercultural Law and Humanities Review\",\"publisher\":{\"@id\":\"https:\\\/\\\/calumet-review.com\\\/#organization\"},\"potentialAction\":[{\"@type\":\"SearchAction\",\"target\":{\"@type\":\"EntryPoint\",\"urlTemplate\":\"https:\\\/\\\/calumet-review.com\\\/?s={search_term_string}\"},\"query-input\":{\"@type\":\"PropertyValueSpecification\",\"valueRequired\":true,\"valueName\":\"search_term_string\"}}],\"inLanguage\":\"it-IT\"},{\"@type\":\"Organization\",\"@id\":\"https:\\\/\\\/calumet-review.com\\\/#organization\",\"name\":\"Calumet Intercultural Law and Humanities Review\",\"url\":\"https:\\\/\\\/calumet-review.com\\\/\",\"logo\":{\"@type\":\"ImageObject\",\"inLanguage\":\"it-IT\",\"@id\":\"https:\\\/\\\/calumet-review.com\\\/#\\\/schema\\\/logo\\\/image\\\/\",\"url\":\"https:\\\/\\\/calumet-review.com\\\/wp-content\\\/uploads\\\/2021\\\/03\\\/logo-trasp.png\",\"contentUrl\":\"https:\\\/\\\/calumet-review.com\\\/wp-content\\\/uploads\\\/2021\\\/03\\\/logo-trasp.png\",\"width\":390,\"height\":120,\"caption\":\"Calumet Intercultural Law and Humanities Review\"},\"image\":{\"@id\":\"https:\\\/\\\/calumet-review.com\\\/#\\\/schema\\\/logo\\\/image\\\/\"}},{\"@type\":\"Person\",\"@id\":\"https:\\\/\\\/calumet-review.com\\\/#\\\/schema\\\/person\\\/f033496714721603089ca9caf062a5ff\",\"name\":\"K. Poneti\",\"image\":{\"@type\":\"ImageObject\",\"inLanguage\":\"it-IT\",\"@id\":\"https:\\\/\\\/secure.gravatar.com\\\/avatar\\\/fd58d2545e2504ee579d69ae3016e972ffcb44343b65c91a5ba5fa5c84a3a3bf?s=96&d=mm&r=g\",\"url\":\"https:\\\/\\\/secure.gravatar.com\\\/avatar\\\/fd58d2545e2504ee579d69ae3016e972ffcb44343b65c91a5ba5fa5c84a3a3bf?s=96&d=mm&r=g\",\"contentUrl\":\"https:\\\/\\\/secure.gravatar.com\\\/avatar\\\/fd58d2545e2504ee579d69ae3016e972ffcb44343b65c91a5ba5fa5c84a3a3bf?s=96&d=mm&r=g\",\"caption\":\"K. Poneti\"},\"url\":\"https:\\\/\\\/calumet-review.com\\\/index.php\\\/author\\\/katia-ponetigmail-com\\\/\"}]}<\/script>\n<!-- \/ Yoast SEO plugin. -->","yoast_head_json":{"title":"La detenzione femminile. Riaprire il dibattito su un trattamento differente alla luce dei dati sulle carceri della Toscana. &#8211; Calumet &#8211; Tutti gli Articoli","robots":{"index":"index","follow":"follow","max-snippet":"max-snippet:-1","max-image-preview":"max-image-preview:large","max-video-preview":"max-video-preview:-1"},"canonical":"https:\/\/calumet-review.com\/index.php\/it\/2025\/08\/10\/la-detenzione-femminile-riaprire-il-dibattito-su-un-trattamento-differente-alla-luce-dei-dati-sulle-carceri-della-toscana-2\/","og_locale":"it_IT","og_type":"article","og_title":"La detenzione femminile. Riaprire il dibattito su un trattamento differente alla luce dei dati sulle carceri della Toscana. &#8211; Calumet &#8211; Tutti gli Articoli","og_description":"Il carcere \u00e8 un\u2019istituzione modellata su caratteristiche e bisogni maschili, in cui le donne sono una minoranza, nettamente separata per genere. La prospettiva della differenza femminile permette di cogliere alcuni aspetti delle pratiche di reclusione, come la costruzione della soggettivit\u00e0 femminile, incapace pi\u00f9 che colpevole, e la sua identificazione con... Continue reading","og_url":"https:\/\/calumet-review.com\/index.php\/it\/2025\/08\/10\/la-detenzione-femminile-riaprire-il-dibattito-su-un-trattamento-differente-alla-luce-dei-dati-sulle-carceri-della-toscana-2\/","og_site_name":"Calumet","article_published_time":"2025-08-10T14:36:05+00:00","article_modified_time":"2025-08-10T14:38:01+00:00","author":"K. Poneti","twitter_card":"summary_large_image","twitter_misc":{"Scritto da":"K. Poneti","Tempo di lettura stimato":"2 minuti"},"schema":{"@context":"https:\/\/schema.org","@graph":[{"@type":"Article","@id":"https:\/\/calumet-review.com\/index.php\/it\/2025\/08\/10\/la-detenzione-femminile-riaprire-il-dibattito-su-un-trattamento-differente-alla-luce-dei-dati-sulle-carceri-della-toscana-2\/#article","isPartOf":{"@id":"https:\/\/calumet-review.com\/index.php\/it\/2025\/08\/10\/la-detenzione-femminile-riaprire-il-dibattito-su-un-trattamento-differente-alla-luce-dei-dati-sulle-carceri-della-toscana-2\/"},"author":{"name":"K. Poneti","@id":"https:\/\/calumet-review.com\/#\/schema\/person\/f033496714721603089ca9caf062a5ff"},"headline":"La detenzione femminile. Riaprire il dibattito su un trattamento differente alla luce dei dati sulle carceri della Toscana.","datePublished":"2025-08-10T14:36:05+00:00","dateModified":"2025-08-10T14:38:01+00:00","mainEntityOfPage":{"@id":"https:\/\/calumet-review.com\/index.php\/it\/2025\/08\/10\/la-detenzione-femminile-riaprire-il-dibattito-su-un-trattamento-differente-alla-luce-dei-dati-sulle-carceri-della-toscana-2\/"},"wordCount":220,"publisher":{"@id":"https:\/\/calumet-review.com\/#organization"},"articleSection":["Antropologia Giuridica","Aree Tematiche","Numero 23 - 2025","Teoria del diritto","Tutti gli Articoli"],"inLanguage":"it-IT"},{"@type":"WebPage","@id":"https:\/\/calumet-review.com\/index.php\/it\/2025\/08\/10\/la-detenzione-femminile-riaprire-il-dibattito-su-un-trattamento-differente-alla-luce-dei-dati-sulle-carceri-della-toscana-2\/","url":"https:\/\/calumet-review.com\/index.php\/it\/2025\/08\/10\/la-detenzione-femminile-riaprire-il-dibattito-su-un-trattamento-differente-alla-luce-dei-dati-sulle-carceri-della-toscana-2\/","name":"La detenzione femminile. Riaprire il dibattito su un trattamento differente alla luce dei dati sulle carceri della Toscana. &#8211; Calumet &#8211; Tutti gli Articoli","isPartOf":{"@id":"https:\/\/calumet-review.com\/#website"},"datePublished":"2025-08-10T14:36:05+00:00","dateModified":"2025-08-10T14:38:01+00:00","breadcrumb":{"@id":"https:\/\/calumet-review.com\/index.php\/it\/2025\/08\/10\/la-detenzione-femminile-riaprire-il-dibattito-su-un-trattamento-differente-alla-luce-dei-dati-sulle-carceri-della-toscana-2\/#breadcrumb"},"inLanguage":"it-IT","potentialAction":[{"@type":"ReadAction","target":["https:\/\/calumet-review.com\/index.php\/it\/2025\/08\/10\/la-detenzione-femminile-riaprire-il-dibattito-su-un-trattamento-differente-alla-luce-dei-dati-sulle-carceri-della-toscana-2\/"]}]},{"@type":"BreadcrumbList","@id":"https:\/\/calumet-review.com\/index.php\/it\/2025\/08\/10\/la-detenzione-femminile-riaprire-il-dibattito-su-un-trattamento-differente-alla-luce-dei-dati-sulle-carceri-della-toscana-2\/#breadcrumb","itemListElement":[{"@type":"ListItem","position":1,"name":"Home","item":"https:\/\/calumet-review.com\/"},{"@type":"ListItem","position":2,"name":"La detenzione femminile. Riaprire il dibattito su un trattamento differente alla luce dei dati sulle carceri della Toscana."}]},{"@type":"WebSite","@id":"https:\/\/calumet-review.com\/#website","url":"https:\/\/calumet-review.com\/","name":"Calumet","description":"Intercultural Law and Humanities Review","publisher":{"@id":"https:\/\/calumet-review.com\/#organization"},"potentialAction":[{"@type":"SearchAction","target":{"@type":"EntryPoint","urlTemplate":"https:\/\/calumet-review.com\/?s={search_term_string}"},"query-input":{"@type":"PropertyValueSpecification","valueRequired":true,"valueName":"search_term_string"}}],"inLanguage":"it-IT"},{"@type":"Organization","@id":"https:\/\/calumet-review.com\/#organization","name":"Calumet Intercultural Law and Humanities Review","url":"https:\/\/calumet-review.com\/","logo":{"@type":"ImageObject","inLanguage":"it-IT","@id":"https:\/\/calumet-review.com\/#\/schema\/logo\/image\/","url":"https:\/\/calumet-review.com\/wp-content\/uploads\/2021\/03\/logo-trasp.png","contentUrl":"https:\/\/calumet-review.com\/wp-content\/uploads\/2021\/03\/logo-trasp.png","width":390,"height":120,"caption":"Calumet Intercultural Law and Humanities Review"},"image":{"@id":"https:\/\/calumet-review.com\/#\/schema\/logo\/image\/"}},{"@type":"Person","@id":"https:\/\/calumet-review.com\/#\/schema\/person\/f033496714721603089ca9caf062a5ff","name":"K. Poneti","image":{"@type":"ImageObject","inLanguage":"it-IT","@id":"https:\/\/secure.gravatar.com\/avatar\/fd58d2545e2504ee579d69ae3016e972ffcb44343b65c91a5ba5fa5c84a3a3bf?s=96&d=mm&r=g","url":"https:\/\/secure.gravatar.com\/avatar\/fd58d2545e2504ee579d69ae3016e972ffcb44343b65c91a5ba5fa5c84a3a3bf?s=96&d=mm&r=g","contentUrl":"https:\/\/secure.gravatar.com\/avatar\/fd58d2545e2504ee579d69ae3016e972ffcb44343b65c91a5ba5fa5c84a3a3bf?s=96&d=mm&r=g","caption":"K. Poneti"},"url":"https:\/\/calumet-review.com\/index.php\/author\/katia-ponetigmail-com\/"}]}},"jetpack_featured_media_url":"","jetpack_sharing_enabled":true,"_links":{"self":[{"href":"https:\/\/calumet-review.com\/index.php\/wp-json\/wp\/v2\/posts\/2644","targetHints":{"allow":["GET"]}}],"collection":[{"href":"https:\/\/calumet-review.com\/index.php\/wp-json\/wp\/v2\/posts"}],"about":[{"href":"https:\/\/calumet-review.com\/index.php\/wp-json\/wp\/v2\/types\/post"}],"author":[{"embeddable":true,"href":"https:\/\/calumet-review.com\/index.php\/wp-json\/wp\/v2\/users\/121"}],"replies":[{"embeddable":true,"href":"https:\/\/calumet-review.com\/index.php\/wp-json\/wp\/v2\/comments?post=2644"}],"version-history":[{"count":1,"href":"https:\/\/calumet-review.com\/index.php\/wp-json\/wp\/v2\/posts\/2644\/revisions"}],"predecessor-version":[{"id":2646,"href":"https:\/\/calumet-review.com\/index.php\/wp-json\/wp\/v2\/posts\/2644\/revisions\/2646"}],"wp:attachment":[{"href":"https:\/\/calumet-review.com\/index.php\/wp-json\/wp\/v2\/media?parent=2644"}],"wp:term":[{"taxonomy":"category","embeddable":true,"href":"https:\/\/calumet-review.com\/index.php\/wp-json\/wp\/v2\/categories?post=2644"},{"taxonomy":"post_tag","embeddable":true,"href":"https:\/\/calumet-review.com\/index.php\/wp-json\/wp\/v2\/tags?post=2644"}],"curies":[{"name":"wp","href":"https:\/\/api.w.org\/{rel}","templated":true}]}}