{"id":645,"date":"2016-09-10T14:07:00","date_gmt":"2016-09-10T12:07:00","guid":{"rendered":"https:\/\/calumet-review.com\/?p=645"},"modified":"2021-07-23T18:16:05","modified_gmt":"2021-07-23T16:16:05","slug":"una-modesta-proposta-intese-estese-e-liberta-dintendersi","status":"publish","type":"post","link":"https:\/\/calumet-review.com\/index.php\/it\/2016\/09\/10\/una-modesta-proposta-intese-estese-e-liberta-dintendersi\/","title":{"rendered":"Una modesta proposta. Intese estese e libert\u00e0 d\u2019intendersi"},"content":{"rendered":"\n<p class=\"has-text-align-justify\">Il saggio si articola in due sezioni. La prima sezione presenta e sviluppa la proposta di ampliare il significato e la portata delle intese dello stato con le confessioni di minoranza, come previsto dall\u2019art. 8.3, cost. \u201cIntese estese\u201d \u00e8 la formula qui utilizzata per denominare il tentativo di integrare lo strumento delle intese con l\u2019ispirazione pluralista della costituzione e con le esigenze di eterointegrazione degli ordinamenti statali che derivano dai processi di globalizzazione. L\u2019eterointegrazione \u00e8 poi posta in stretta relazione con la tutela della libert\u00e0 e, in particolare, della libert\u00e0 religiosa.<br>La proposta di \u201cintese estese\u201d \u00e8 giustificata, inoltre, dalla necessit\u00e0 di creare uno strumento di integrazione interculturale pi\u00f9 potente del diritto internazionale privato e in grado di realizzare un pluralismo per valori, piuttosto che inter-legale o inter-normativo, pi\u00f9 inclusivo delle diversit\u00e0 culturali. Nella seconda sezione, il tema della diversit\u00e0 religiosa e culturale \u00e8 testato con riferimento alla vicenda riguardante la richiesta d\u2019intesa di conclusione di un\u2019intesa da parte dell\u2019UAAR, un\u2019associazione ateo\/agnosticista italiana.<br>Nel contesto di questa indagine, l\u2019analisi delle richieste da parte degli atei e del rifiuto opposto ad esse dallo stato italiano, giova a porre in luce le interconnessioni tra cultura giuridica secolare e tradizioni religiose nell\u2019ordinamento italiano come in altri ordinamenti. La differenza \u201catea\u201d si prospetta, in effetti, come una differenza radicale. Sotto questo aspetto, essa consente di porre in risalto, come in controluce, le ragioni che supportano l\u2019ampliamento della portata delle intese come strumento, insieme, di tutela della libert\u00e0 religiosa e dell\u2019uguaglianza di fronte al diritto.<\/p>\n\n\n\n<div class=\"wp-block-file\"><a href=\"https:\/\/calumet-review.com\/wp-content\/uploads\/2021\/06\/mat_55-1.pdf\" target=\"_blank\" rel=\"noreferrer noopener\">Leggi articolo &#8211; ITA<\/a><a href=\"https:\/\/calumet-review.com\/wp-content\/uploads\/2021\/06\/mat_55-1.pdf\" class=\"wp-block-file__button\" download>Download PDF<\/a><\/div>\n","protected":false},"excerpt":{"rendered":"<p>Il saggio si articola in due sezioni. La prima sezione presenta e sviluppa la proposta di ampliare il significato e la portata delle intese dello stato con le confessioni di minoranza, come previsto dall\u2019art. 8.3, cost. \u201cIntese estese\u201d \u00e8 la formula qui utilizzata per denominare il tentativo di integrare lo&#8230;<\/p>\n<p class=\"continue-reading-button\"> <a class=\"continue-reading-link\" href=\"https:\/\/calumet-review.com\/index.php\/it\/2016\/09\/10\/una-modesta-proposta-intese-estese-e-liberta-dintendersi\/\">Continue reading<i class=\"crycon-right-dir\"><\/i><\/a><\/p>\n","protected":false},"author":4,"featured_media":0,"comment_status":"closed","ping_status":"open","sticky":false,"template":"","format":"standard","meta":{"_jetpack_memberships_contains_paid_content":false,"footnotes":""},"categories":[20,32,52,22],"tags":[],"class_list":["post-645","post","type-post","status-publish","format-standard","hentry","category-categorie","category-diritto-e-religione","category-3-2-sem-2016-it","category-numeri"],"yoast_head":"<!-- This site is optimized with the Yoast SEO plugin v27.4 - https:\/\/yoast.com\/product\/yoast-seo-wordpress\/ -->\n<title>Una modesta proposta. Intese estese e libert\u00e0 d\u2019intendersi &#8211; Calumet &#8211;<\/title>\n<meta name=\"robots\" content=\"index, follow, max-snippet:-1, max-image-preview:large, max-video-preview:-1\" \/>\n<link rel=\"canonical\" href=\"https:\/\/calumet-review.com\/index.php\/it\/2016\/09\/10\/una-modesta-proposta-intese-estese-e-liberta-dintendersi\/\" \/>\n<meta property=\"og:locale\" content=\"it_IT\" \/>\n<meta property=\"og:type\" content=\"article\" \/>\n<meta property=\"og:title\" content=\"Una modesta proposta. Intese estese e libert\u00e0 d\u2019intendersi &#8211; Calumet &#8211;\" \/>\n<meta property=\"og:description\" content=\"Il saggio si articola in due sezioni. La prima sezione presenta e sviluppa la proposta di ampliare il significato e la portata delle intese dello stato con le confessioni di minoranza, come previsto dall\u2019art. 8.3, cost. \u201cIntese estese\u201d \u00e8 la formula qui utilizzata per denominare il tentativo di integrare lo... Continue reading\" \/>\n<meta property=\"og:url\" content=\"https:\/\/calumet-review.com\/index.php\/it\/2016\/09\/10\/una-modesta-proposta-intese-estese-e-liberta-dintendersi\/\" \/>\n<meta property=\"og:site_name\" content=\"Calumet\" \/>\n<meta property=\"article:published_time\" content=\"2016-09-10T12:07:00+00:00\" \/>\n<meta property=\"article:modified_time\" content=\"2021-07-23T16:16:05+00:00\" \/>\n<meta name=\"author\" content=\"M. Ricca\" \/>\n<meta name=\"twitter:card\" content=\"summary_large_image\" \/>\n<meta name=\"twitter:label1\" content=\"Scritto da\" \/>\n\t<meta name=\"twitter:data1\" content=\"M. Ricca\" \/>\n\t<meta name=\"twitter:label2\" content=\"Tempo di lettura stimato\" \/>\n\t<meta name=\"twitter:data2\" content=\"2 minuti\" \/>\n<script type=\"application\/ld+json\" class=\"yoast-schema-graph\">{\"@context\":\"https:\\\/\\\/schema.org\",\"@graph\":[{\"@type\":\"Article\",\"@id\":\"https:\\\/\\\/calumet-review.com\\\/index.php\\\/it\\\/2016\\\/09\\\/10\\\/una-modesta-proposta-intese-estese-e-liberta-dintendersi\\\/#article\",\"isPartOf\":{\"@id\":\"https:\\\/\\\/calumet-review.com\\\/index.php\\\/it\\\/2016\\\/09\\\/10\\\/una-modesta-proposta-intese-estese-e-liberta-dintendersi\\\/\"},\"author\":{\"name\":\"M. Ricca\",\"@id\":\"https:\\\/\\\/calumet-review.com\\\/#\\\/schema\\\/person\\\/8a8b1fac4455cb6196cd4703545a8945\"},\"headline\":\"Una modesta proposta. Intese estese e libert\u00e0 d\u2019intendersi\",\"datePublished\":\"2016-09-10T12:07:00+00:00\",\"dateModified\":\"2021-07-23T16:16:05+00:00\",\"mainEntityOfPage\":{\"@id\":\"https:\\\/\\\/calumet-review.com\\\/index.php\\\/it\\\/2016\\\/09\\\/10\\\/una-modesta-proposta-intese-estese-e-liberta-dintendersi\\\/\"},\"wordCount\":272,\"publisher\":{\"@id\":\"https:\\\/\\\/calumet-review.com\\\/#organization\"},\"articleSection\":[\"Aree Tematiche\",\"Diritto e Religione\",\"Numero 03 - 2016\",\"Tutti gli Articoli\"],\"inLanguage\":\"it-IT\"},{\"@type\":\"WebPage\",\"@id\":\"https:\\\/\\\/calumet-review.com\\\/index.php\\\/it\\\/2016\\\/09\\\/10\\\/una-modesta-proposta-intese-estese-e-liberta-dintendersi\\\/\",\"url\":\"https:\\\/\\\/calumet-review.com\\\/index.php\\\/it\\\/2016\\\/09\\\/10\\\/una-modesta-proposta-intese-estese-e-liberta-dintendersi\\\/\",\"name\":\"Una modesta proposta. Intese estese e libert\u00e0 d\u2019intendersi &#8211; Calumet &#8211;\",\"isPartOf\":{\"@id\":\"https:\\\/\\\/calumet-review.com\\\/#website\"},\"datePublished\":\"2016-09-10T12:07:00+00:00\",\"dateModified\":\"2021-07-23T16:16:05+00:00\",\"breadcrumb\":{\"@id\":\"https:\\\/\\\/calumet-review.com\\\/index.php\\\/it\\\/2016\\\/09\\\/10\\\/una-modesta-proposta-intese-estese-e-liberta-dintendersi\\\/#breadcrumb\"},\"inLanguage\":\"it-IT\",\"potentialAction\":[{\"@type\":\"ReadAction\",\"target\":[\"https:\\\/\\\/calumet-review.com\\\/index.php\\\/it\\\/2016\\\/09\\\/10\\\/una-modesta-proposta-intese-estese-e-liberta-dintendersi\\\/\"]}]},{\"@type\":\"BreadcrumbList\",\"@id\":\"https:\\\/\\\/calumet-review.com\\\/index.php\\\/it\\\/2016\\\/09\\\/10\\\/una-modesta-proposta-intese-estese-e-liberta-dintendersi\\\/#breadcrumb\",\"itemListElement\":[{\"@type\":\"ListItem\",\"position\":1,\"name\":\"Home\",\"item\":\"https:\\\/\\\/calumet-review.com\\\/\"},{\"@type\":\"ListItem\",\"position\":2,\"name\":\"Una modesta proposta. Intese estese e libert\u00e0 d\u2019intendersi\"}]},{\"@type\":\"WebSite\",\"@id\":\"https:\\\/\\\/calumet-review.com\\\/#website\",\"url\":\"https:\\\/\\\/calumet-review.com\\\/\",\"name\":\"Calumet\",\"description\":\"Intercultural Law and Humanities Review\",\"publisher\":{\"@id\":\"https:\\\/\\\/calumet-review.com\\\/#organization\"},\"potentialAction\":[{\"@type\":\"SearchAction\",\"target\":{\"@type\":\"EntryPoint\",\"urlTemplate\":\"https:\\\/\\\/calumet-review.com\\\/?s={search_term_string}\"},\"query-input\":{\"@type\":\"PropertyValueSpecification\",\"valueRequired\":true,\"valueName\":\"search_term_string\"}}],\"inLanguage\":\"it-IT\"},{\"@type\":\"Organization\",\"@id\":\"https:\\\/\\\/calumet-review.com\\\/#organization\",\"name\":\"Calumet Intercultural Law and Humanities Review\",\"url\":\"https:\\\/\\\/calumet-review.com\\\/\",\"logo\":{\"@type\":\"ImageObject\",\"inLanguage\":\"it-IT\",\"@id\":\"https:\\\/\\\/calumet-review.com\\\/#\\\/schema\\\/logo\\\/image\\\/\",\"url\":\"https:\\\/\\\/calumet-review.com\\\/wp-content\\\/uploads\\\/2021\\\/03\\\/logo-trasp.png\",\"contentUrl\":\"https:\\\/\\\/calumet-review.com\\\/wp-content\\\/uploads\\\/2021\\\/03\\\/logo-trasp.png\",\"width\":390,\"height\":120,\"caption\":\"Calumet Intercultural Law and Humanities Review\"},\"image\":{\"@id\":\"https:\\\/\\\/calumet-review.com\\\/#\\\/schema\\\/logo\\\/image\\\/\"}},{\"@type\":\"Person\",\"@id\":\"https:\\\/\\\/calumet-review.com\\\/#\\\/schema\\\/person\\\/8a8b1fac4455cb6196cd4703545a8945\",\"name\":\"M. Ricca\",\"image\":{\"@type\":\"ImageObject\",\"inLanguage\":\"it-IT\",\"@id\":\"https:\\\/\\\/secure.gravatar.com\\\/avatar\\\/21e00643b0ce3d8baffa4335732b9cfac1cc0b23873bfe59a10d65603ec787ec?s=96&d=mm&r=g\",\"url\":\"https:\\\/\\\/secure.gravatar.com\\\/avatar\\\/21e00643b0ce3d8baffa4335732b9cfac1cc0b23873bfe59a10d65603ec787ec?s=96&d=mm&r=g\",\"contentUrl\":\"https:\\\/\\\/secure.gravatar.com\\\/avatar\\\/21e00643b0ce3d8baffa4335732b9cfac1cc0b23873bfe59a10d65603ec787ec?s=96&d=mm&r=g\",\"caption\":\"M. Ricca\"},\"url\":\"https:\\\/\\\/calumet-review.com\\\/index.php\\\/author\\\/mario-riccaicloud-com\\\/\"}]}<\/script>\n<!-- \/ Yoast SEO plugin. -->","yoast_head_json":{"title":"Una modesta proposta. Intese estese e libert\u00e0 d\u2019intendersi &#8211; Calumet &#8211;","robots":{"index":"index","follow":"follow","max-snippet":"max-snippet:-1","max-image-preview":"max-image-preview:large","max-video-preview":"max-video-preview:-1"},"canonical":"https:\/\/calumet-review.com\/index.php\/it\/2016\/09\/10\/una-modesta-proposta-intese-estese-e-liberta-dintendersi\/","og_locale":"it_IT","og_type":"article","og_title":"Una modesta proposta. Intese estese e libert\u00e0 d\u2019intendersi &#8211; Calumet &#8211;","og_description":"Il saggio si articola in due sezioni. La prima sezione presenta e sviluppa la proposta di ampliare il significato e la portata delle intese dello stato con le confessioni di minoranza, come previsto dall\u2019art. 8.3, cost. \u201cIntese estese\u201d \u00e8 la formula qui utilizzata per denominare il tentativo di integrare lo... Continue reading","og_url":"https:\/\/calumet-review.com\/index.php\/it\/2016\/09\/10\/una-modesta-proposta-intese-estese-e-liberta-dintendersi\/","og_site_name":"Calumet","article_published_time":"2016-09-10T12:07:00+00:00","article_modified_time":"2021-07-23T16:16:05+00:00","author":"M. Ricca","twitter_card":"summary_large_image","twitter_misc":{"Scritto da":"M. Ricca","Tempo di lettura stimato":"2 minuti"},"schema":{"@context":"https:\/\/schema.org","@graph":[{"@type":"Article","@id":"https:\/\/calumet-review.com\/index.php\/it\/2016\/09\/10\/una-modesta-proposta-intese-estese-e-liberta-dintendersi\/#article","isPartOf":{"@id":"https:\/\/calumet-review.com\/index.php\/it\/2016\/09\/10\/una-modesta-proposta-intese-estese-e-liberta-dintendersi\/"},"author":{"name":"M. Ricca","@id":"https:\/\/calumet-review.com\/#\/schema\/person\/8a8b1fac4455cb6196cd4703545a8945"},"headline":"Una modesta proposta. Intese estese e libert\u00e0 d\u2019intendersi","datePublished":"2016-09-10T12:07:00+00:00","dateModified":"2021-07-23T16:16:05+00:00","mainEntityOfPage":{"@id":"https:\/\/calumet-review.com\/index.php\/it\/2016\/09\/10\/una-modesta-proposta-intese-estese-e-liberta-dintendersi\/"},"wordCount":272,"publisher":{"@id":"https:\/\/calumet-review.com\/#organization"},"articleSection":["Aree Tematiche","Diritto e Religione","Numero 03 - 2016","Tutti gli Articoli"],"inLanguage":"it-IT"},{"@type":"WebPage","@id":"https:\/\/calumet-review.com\/index.php\/it\/2016\/09\/10\/una-modesta-proposta-intese-estese-e-liberta-dintendersi\/","url":"https:\/\/calumet-review.com\/index.php\/it\/2016\/09\/10\/una-modesta-proposta-intese-estese-e-liberta-dintendersi\/","name":"Una modesta proposta. Intese estese e libert\u00e0 d\u2019intendersi &#8211; Calumet &#8211;","isPartOf":{"@id":"https:\/\/calumet-review.com\/#website"},"datePublished":"2016-09-10T12:07:00+00:00","dateModified":"2021-07-23T16:16:05+00:00","breadcrumb":{"@id":"https:\/\/calumet-review.com\/index.php\/it\/2016\/09\/10\/una-modesta-proposta-intese-estese-e-liberta-dintendersi\/#breadcrumb"},"inLanguage":"it-IT","potentialAction":[{"@type":"ReadAction","target":["https:\/\/calumet-review.com\/index.php\/it\/2016\/09\/10\/una-modesta-proposta-intese-estese-e-liberta-dintendersi\/"]}]},{"@type":"BreadcrumbList","@id":"https:\/\/calumet-review.com\/index.php\/it\/2016\/09\/10\/una-modesta-proposta-intese-estese-e-liberta-dintendersi\/#breadcrumb","itemListElement":[{"@type":"ListItem","position":1,"name":"Home","item":"https:\/\/calumet-review.com\/"},{"@type":"ListItem","position":2,"name":"Una modesta proposta. Intese estese e libert\u00e0 d\u2019intendersi"}]},{"@type":"WebSite","@id":"https:\/\/calumet-review.com\/#website","url":"https:\/\/calumet-review.com\/","name":"Calumet","description":"Intercultural Law and Humanities Review","publisher":{"@id":"https:\/\/calumet-review.com\/#organization"},"potentialAction":[{"@type":"SearchAction","target":{"@type":"EntryPoint","urlTemplate":"https:\/\/calumet-review.com\/?s={search_term_string}"},"query-input":{"@type":"PropertyValueSpecification","valueRequired":true,"valueName":"search_term_string"}}],"inLanguage":"it-IT"},{"@type":"Organization","@id":"https:\/\/calumet-review.com\/#organization","name":"Calumet Intercultural Law and Humanities Review","url":"https:\/\/calumet-review.com\/","logo":{"@type":"ImageObject","inLanguage":"it-IT","@id":"https:\/\/calumet-review.com\/#\/schema\/logo\/image\/","url":"https:\/\/calumet-review.com\/wp-content\/uploads\/2021\/03\/logo-trasp.png","contentUrl":"https:\/\/calumet-review.com\/wp-content\/uploads\/2021\/03\/logo-trasp.png","width":390,"height":120,"caption":"Calumet Intercultural Law and Humanities Review"},"image":{"@id":"https:\/\/calumet-review.com\/#\/schema\/logo\/image\/"}},{"@type":"Person","@id":"https:\/\/calumet-review.com\/#\/schema\/person\/8a8b1fac4455cb6196cd4703545a8945","name":"M. Ricca","image":{"@type":"ImageObject","inLanguage":"it-IT","@id":"https:\/\/secure.gravatar.com\/avatar\/21e00643b0ce3d8baffa4335732b9cfac1cc0b23873bfe59a10d65603ec787ec?s=96&d=mm&r=g","url":"https:\/\/secure.gravatar.com\/avatar\/21e00643b0ce3d8baffa4335732b9cfac1cc0b23873bfe59a10d65603ec787ec?s=96&d=mm&r=g","contentUrl":"https:\/\/secure.gravatar.com\/avatar\/21e00643b0ce3d8baffa4335732b9cfac1cc0b23873bfe59a10d65603ec787ec?s=96&d=mm&r=g","caption":"M. Ricca"},"url":"https:\/\/calumet-review.com\/index.php\/author\/mario-riccaicloud-com\/"}]}},"jetpack_featured_media_url":"","jetpack_sharing_enabled":true,"_links":{"self":[{"href":"https:\/\/calumet-review.com\/index.php\/wp-json\/wp\/v2\/posts\/645","targetHints":{"allow":["GET"]}}],"collection":[{"href":"https:\/\/calumet-review.com\/index.php\/wp-json\/wp\/v2\/posts"}],"about":[{"href":"https:\/\/calumet-review.com\/index.php\/wp-json\/wp\/v2\/types\/post"}],"author":[{"embeddable":true,"href":"https:\/\/calumet-review.com\/index.php\/wp-json\/wp\/v2\/users\/4"}],"replies":[{"embeddable":true,"href":"https:\/\/calumet-review.com\/index.php\/wp-json\/wp\/v2\/comments?post=645"}],"version-history":[{"count":2,"href":"https:\/\/calumet-review.com\/index.php\/wp-json\/wp\/v2\/posts\/645\/revisions"}],"predecessor-version":[{"id":1267,"href":"https:\/\/calumet-review.com\/index.php\/wp-json\/wp\/v2\/posts\/645\/revisions\/1267"}],"wp:attachment":[{"href":"https:\/\/calumet-review.com\/index.php\/wp-json\/wp\/v2\/media?parent=645"}],"wp:term":[{"taxonomy":"category","embeddable":true,"href":"https:\/\/calumet-review.com\/index.php\/wp-json\/wp\/v2\/categories?post=645"},{"taxonomy":"post_tag","embeddable":true,"href":"https:\/\/calumet-review.com\/index.php\/wp-json\/wp\/v2\/tags?post=645"}],"curies":[{"name":"wp","href":"https:\/\/api.w.org\/{rel}","templated":true}]}}